{"id":27604,"date":"2022-08-08T12:25:33","date_gmt":"2022-08-08T12:25:33","guid":{"rendered":"http:\/\/photoolivier.com\/wp\/?p=27604"},"modified":"2024-01-24T15:34:43","modified_gmt":"2024-01-24T15:34:43","slug":"lower-calf-creek-falls","status":"publish","type":"post","link":"https:\/\/photoolivier.com\/wp\/lower-calf-creek-falls\/","title":{"rendered":"Lower Calf Creek Falls"},"content":{"rendered":"<p>Nous faisons \u00e9tapes \u00e0 Escalante pour 2 nuits. Il y a tellement de choses \u00e0 voir et \u00e0 faire dans le coin \u2013 Notamment dans le parc du <a href=\"http:\/\/photoolivier.com\/wp\/tag\/gsenm\"><em>Grand Staircase Escalante National Monument<\/em><\/a>. Tellement \u00e0 faire, tellement d\u2019endroits sur ma <em>West Wish List<\/em>, que j\u2019ai pr\u00e9f\u00e9r\u00e9 laisser \u00e0 la tribu le soin d\u2019\u00e9tablir le programme de la journ\u00e9e ; au d\u00e9part de ma liste non exhaustive.<br \/>\nLeur premier choix s\u2019est port\u00e9 sur <em>Lower Calf Creek Falls<\/em>. C\u2019est une randonn\u00e9e de 10 kilom\u00e8tres en aller-retour ; on \u00e9volue dans le canyon du Calf Creek, au milieu d\u2019un magnifique d\u00e9cor \u00e0 mi-chemin entre <a href=\"http:\/\/photoolivier.com\/wp\/tag\/zion\">Zion<\/a> et <a href=\"http:\/\/photoolivier.com\/wp\/canyonlands-the-needles\/\">Canyonlands the Needles<\/a><\/p>\n<p><a href=\"http:\/\/photoolivier.com\/wp\/lower-calf-creek-falls\/_pz39072_logo\/\" rel=\"attachment wp-att-27605\"><img loading=\"lazy\" decoding=\"async\" class=\"aligncenter size-full wp-image-27605\" src=\"http:\/\/photoolivier.com\/wp\/wp-content\/uploads\/2024\/01\/PZ39072_logo.jpg\" alt=\"\" width=\"1200\" height=\"798\" srcset=\"https:\/\/photoolivier.com\/wp\/wp-content\/uploads\/2024\/01\/PZ39072_logo.jpg 1200w, https:\/\/photoolivier.com\/wp\/wp-content\/uploads\/2024\/01\/PZ39072_logo-300x200.jpg 300w, https:\/\/photoolivier.com\/wp\/wp-content\/uploads\/2024\/01\/PZ39072_logo-768x511.jpg 768w, https:\/\/photoolivier.com\/wp\/wp-content\/uploads\/2024\/01\/PZ39072_logo-1024x681.jpg 1024w\" sizes=\"auto, (max-width: 1200px) 100vw, 1200px\" \/><\/a><br \/>\nLa v\u00e9g\u00e9tation est luxuriante dans le canyon, et de nombreuses fleurs agr\u00e9mentent la balade<\/p>\n<p><a href=\"http:\/\/photoolivier.com\/wp\/lower-calf-creek-falls\/_pz39080_logo\/\" rel=\"attachment wp-att-27606\"><img loading=\"lazy\" decoding=\"async\" class=\"aligncenter size-full wp-image-27606\" src=\"http:\/\/photoolivier.com\/wp\/wp-content\/uploads\/2024\/01\/PZ39080_logo.jpg\" alt=\"\" width=\"798\" height=\"1200\" srcset=\"https:\/\/photoolivier.com\/wp\/wp-content\/uploads\/2024\/01\/PZ39080_logo.jpg 798w, https:\/\/photoolivier.com\/wp\/wp-content\/uploads\/2024\/01\/PZ39080_logo-200x300.jpg 200w, https:\/\/photoolivier.com\/wp\/wp-content\/uploads\/2024\/01\/PZ39080_logo-768x1155.jpg 768w, https:\/\/photoolivier.com\/wp\/wp-content\/uploads\/2024\/01\/PZ39080_logo-681x1024.jpg 681w\" sizes=\"auto, (max-width: 798px) 100vw, 798px\" \/><\/a><br \/>\nLe trail est partiellement ombrag\u00e9, et relativement plat \u2013 une promenade tr\u00e8s agrable !<\/p>\n<div class=\"lightbox-wrapper\">\n<div class=\"meta\"><a href=\"http:\/\/photoolivier.com\/wp\/lower-calf-creek-falls\/_pz39150_logo\/\" rel=\"attachment wp-att-27611\"><img loading=\"lazy\" decoding=\"async\" class=\"aligncenter size-full wp-image-27611\" src=\"http:\/\/photoolivier.com\/wp\/wp-content\/uploads\/2024\/01\/PZ39150_logo.jpg\" alt=\"\" width=\"798\" height=\"1200\" srcset=\"https:\/\/photoolivier.com\/wp\/wp-content\/uploads\/2024\/01\/PZ39150_logo.jpg 798w, https:\/\/photoolivier.com\/wp\/wp-content\/uploads\/2024\/01\/PZ39150_logo-200x300.jpg 200w, https:\/\/photoolivier.com\/wp\/wp-content\/uploads\/2024\/01\/PZ39150_logo-768x1155.jpg 768w, https:\/\/photoolivier.com\/wp\/wp-content\/uploads\/2024\/01\/PZ39150_logo-681x1024.jpg 681w\" sizes=\"auto, (max-width: 798px) 100vw, 798px\" \/><\/a><\/div>\n<\/div>\n<p>Quand on arrive au bout, on rep\u00e8re tout de suite la cascade<\/p>\n<p><a href=\"http:\/\/photoolivier.com\/wp\/lower-calf-creek-falls\/_pz39083_logo\/\" rel=\"attachment wp-att-27607\"><img loading=\"lazy\" decoding=\"async\" class=\"aligncenter size-full wp-image-27607\" src=\"http:\/\/photoolivier.com\/wp\/wp-content\/uploads\/2024\/01\/PZ39083_logo.jpg\" alt=\"\" width=\"798\" height=\"1200\" srcset=\"https:\/\/photoolivier.com\/wp\/wp-content\/uploads\/2024\/01\/PZ39083_logo.jpg 798w, https:\/\/photoolivier.com\/wp\/wp-content\/uploads\/2024\/01\/PZ39083_logo-200x300.jpg 200w, https:\/\/photoolivier.com\/wp\/wp-content\/uploads\/2024\/01\/PZ39083_logo-768x1155.jpg 768w, https:\/\/photoolivier.com\/wp\/wp-content\/uploads\/2024\/01\/PZ39083_logo-681x1024.jpg 681w\" sizes=\"auto, (max-width: 798px) 100vw, 798px\" \/><\/a><br \/>\nEt nous avons de la chance, car il n\u2019y a \u00e0 ce moment-l\u00e0 qu\u2019une seule famille sur place<\/p>\n<p><a href=\"http:\/\/photoolivier.com\/wp\/lower-calf-creek-falls\/_pz39119_logo\/\" rel=\"attachment wp-att-27609\"><img loading=\"lazy\" decoding=\"async\" class=\"aligncenter size-full wp-image-27609\" src=\"http:\/\/photoolivier.com\/wp\/wp-content\/uploads\/2024\/01\/PZ39119_logo.jpg\" alt=\"\" width=\"798\" height=\"1200\" srcset=\"https:\/\/photoolivier.com\/wp\/wp-content\/uploads\/2024\/01\/PZ39119_logo.jpg 798w, https:\/\/photoolivier.com\/wp\/wp-content\/uploads\/2024\/01\/PZ39119_logo-200x300.jpg 200w, https:\/\/photoolivier.com\/wp\/wp-content\/uploads\/2024\/01\/PZ39119_logo-768x1155.jpg 768w, https:\/\/photoolivier.com\/wp\/wp-content\/uploads\/2024\/01\/PZ39119_logo-681x1024.jpg 681w\" sizes=\"auto, (max-width: 798px) 100vw, 798px\" \/><\/a><br \/>\nNous y restons une petite heure, \u00e0 admirer la cascade<\/p>\n<p><a href=\"http:\/\/photoolivier.com\/wp\/lower-calf-creek-falls\/_pz39121_logo\/\" rel=\"attachment wp-att-27610\"><img loading=\"lazy\" decoding=\"async\" class=\"aligncenter size-full wp-image-27610\" src=\"http:\/\/photoolivier.com\/wp\/wp-content\/uploads\/2024\/01\/PZ39121_logo.jpg\" alt=\"\" width=\"798\" height=\"1200\" srcset=\"https:\/\/photoolivier.com\/wp\/wp-content\/uploads\/2024\/01\/PZ39121_logo.jpg 798w, https:\/\/photoolivier.com\/wp\/wp-content\/uploads\/2024\/01\/PZ39121_logo-200x300.jpg 200w, https:\/\/photoolivier.com\/wp\/wp-content\/uploads\/2024\/01\/PZ39121_logo-768x1155.jpg 768w, https:\/\/photoolivier.com\/wp\/wp-content\/uploads\/2024\/01\/PZ39121_logo-681x1024.jpg 681w\" sizes=\"auto, (max-width: 798px) 100vw, 798px\" \/><\/a><br \/>\nNous n\u2019avions pas pris les maillots de bain, il est \u00e9videmment possible de se baigner mais l\u2019eau est assez froide. Comptez entre 2h30 et 3h pour la rando, et le temps sur place.<\/p>\n<div id=\"ConnectiveDocSignExtentionInstalled\" data-extension-version=\"1.0.4\"><\/div>\n","protected":false},"excerpt":{"rendered":"<p>Nous faisons \u00e9tapes \u00e0 Escalante pour 2 nuits. Il y a tellement de choses \u00e0 voir et \u00e0 faire dans le coin \u2013 Notamment dans le parc du Grand Staircase Escalante National Monument. Tellement \u00e0 faire, tellement d\u2019endroits sur ma West Wish List, que j\u2019ai pr\u00e9f\u00e9r\u00e9 laisser \u00e0 la tribu le soin d\u2019\u00e9tablir le programme &hellip; <\/p>\n<p class=\"link-more\"><a href=\"https:\/\/photoolivier.com\/wp\/lower-calf-creek-falls\/\" class=\"more-link\">Continue reading<span class=\"screen-reader-text\"> \u00ab\u00a0Lower Calf Creek Falls\u00a0\u00bb<\/span><\/a><\/p>\n","protected":false},"author":1,"featured_media":27612,"comment_status":"open","ping_status":"open","sticky":false,"template":"","format":"standard","meta":{"footnotes":""},"categories":[4],"tags":[279,75,247,18],"class_list":["post-27604","post","type-post","status-publish","format-standard","has-post-thumbnail","hentry","category-voyage","tag-calf-creek","tag-gsenm","tag-road-trip-2022","tag-utah"],"_links":{"self":[{"href":"https:\/\/photoolivier.com\/wp\/wp-json\/wp\/v2\/posts\/27604","targetHints":{"allow":["GET"]}}],"collection":[{"href":"https:\/\/photoolivier.com\/wp\/wp-json\/wp\/v2\/posts"}],"about":[{"href":"https:\/\/photoolivier.com\/wp\/wp-json\/wp\/v2\/types\/post"}],"author":[{"embeddable":true,"href":"https:\/\/photoolivier.com\/wp\/wp-json\/wp\/v2\/users\/1"}],"replies":[{"embeddable":true,"href":"https:\/\/photoolivier.com\/wp\/wp-json\/wp\/v2\/comments?post=27604"}],"version-history":[{"count":4,"href":"https:\/\/photoolivier.com\/wp\/wp-json\/wp\/v2\/posts\/27604\/revisions"}],"predecessor-version":[{"id":27616,"href":"https:\/\/photoolivier.com\/wp\/wp-json\/wp\/v2\/posts\/27604\/revisions\/27616"}],"wp:featuredmedia":[{"embeddable":true,"href":"https:\/\/photoolivier.com\/wp\/wp-json\/wp\/v2\/media\/27612"}],"wp:attachment":[{"href":"https:\/\/photoolivier.com\/wp\/wp-json\/wp\/v2\/media?parent=27604"}],"wp:term":[{"taxonomy":"category","embeddable":true,"href":"https:\/\/photoolivier.com\/wp\/wp-json\/wp\/v2\/categories?post=27604"},{"taxonomy":"post_tag","embeddable":true,"href":"https:\/\/photoolivier.com\/wp\/wp-json\/wp\/v2\/tags?post=27604"}],"curies":[{"name":"wp","href":"https:\/\/api.w.org\/{rel}","templated":true}]}}